{"id":300,"date":"2023-03-30T17:17:26","date_gmt":"2023-03-30T16:17:26","guid":{"rendered":"https:\/\/kolping-rueschendorf.de\/?p=300"},"modified":"2023-03-30T17:36:20","modified_gmt":"2023-03-30T16:36:20","slug":"maikrone-2022","status":"publish","type":"post","link":"https:\/\/kolping-rueschendorf.de\/?p=300","title":{"rendered":"Maikrone 2022"},"content":{"rendered":"\n<p>Am Samstag, dem 07.05.2022, haben wir uns getroffen um die Maikrone f\u00fcr das Jahr 2022 aufzuh\u00e4ngen.<\/p>\n\n\n\n<p>Durch die Unterst\u00fctzung von Leo St\u00e4rk ging das ganze auch schnell vonstatten, danke Leo!<\/p>\n\n\n\n<p>Am darauffolgenden Sonntag morgen war dann ein Open-Air Gottesdienst geplant und im Anschluss daran ein Familientag am Pfarrheim.<\/p>\n\n\n\n<p>F\u00fcr gek\u00fchlte Getr\u00e4nke und etwas gegrilltes wurde nat\u00fcrlich gesorgt.<\/p>\n\n\n\n<p>Treu Kolping<\/p>\n\n\n\n<figure class=\"wp-block-gallery has-nested-images columns-default is-cropped wp-block-gallery-1 is-layout-flex\">\n<figure class=\"wp-block-image size-large\"><img decoding=\"async\" loading=\"lazy\" width=\"1170\" height=\"730\" data-id=\"264\"  src=\"https:\/\/kolping-rueschendorf.de\/wp-content\/uploads\/2023\/03\/IMG_6591-1170x730.jpg\" alt=\"\" class=\"wp-image-264\"\/><\/figure>\n\n\n\n<figure class=\"wp-block-image size-large\"><img decoding=\"async\" loading=\"lazy\" width=\"1170\" height=\"730\" data-id=\"262\"  src=\"https:\/\/kolping-rueschendorf.de\/wp-content\/uploads\/2023\/03\/IMG_6593-1170x730.jpg\" alt=\"\" class=\"wp-image-262\"\/><\/figure>\n\n\n\n<figure class=\"wp-block-image size-large\"><img decoding=\"async\" loading=\"lazy\" width=\"1170\" height=\"730\" data-id=\"261\"  src=\"https:\/\/kolping-rueschendorf.de\/wp-content\/uploads\/2023\/03\/IMG_6594-1170x730.jpg\" alt=\"\" class=\"wp-image-261\"\/><\/figure>\n\n\n\n<figure class=\"wp-block-image size-large\"><img decoding=\"async\" loading=\"lazy\" width=\"1170\" height=\"730\" data-id=\"265\"  src=\"https:\/\/kolping-rueschendorf.de\/wp-content\/uploads\/2023\/03\/IMG_6590-1170x730.jpg\" alt=\"\" class=\"wp-image-265\"\/><\/figure>\n\n\n\n<figure class=\"wp-block-image size-large\"><img decoding=\"async\" loading=\"lazy\" width=\"1170\" height=\"730\" data-id=\"267\"  src=\"https:\/\/kolping-rueschendorf.de\/wp-content\/uploads\/2023\/03\/IMG_6588-1170x730.jpg\" alt=\"\" class=\"wp-image-267\"\/><\/figure>\n<\/figure>\n","protected":false},"excerpt":{"rendered":"<p>Am Samstag, dem 07.05.2022, haben wir uns getroffen um die Maikrone f\u00fcr das Jahr 2022 aufzuh\u00e4ngen. Durch die Unterst\u00fctzung von Leo St\u00e4rk ging das ganze auch schnell vonstatten, danke Leo! Am darauffolgenden Sonntag morgen war dann ein Open-Air Gottesdienst geplant&hellip; <\/p>\n","protected":false},"author":2,"featured_media":0,"comment_status":"closed","ping_status":"open","sticky":false,"template":"","format":"standard","meta":[],"categories":[2],"tags":[],"_links":{"self":[{"href":"https:\/\/kolping-rueschendorf.de\/index.php?rest_route=\/wp\/v2\/posts\/300"}],"collection":[{"href":"https:\/\/kolping-rueschendorf.de\/index.php?rest_route=\/wp\/v2\/posts"}],"about":[{"href":"https:\/\/kolping-rueschendorf.de\/index.php?rest_route=\/wp\/v2\/types\/post"}],"author":[{"embeddable":true,"href":"https:\/\/kolping-rueschendorf.de\/index.php?rest_route=\/wp\/v2\/users\/2"}],"replies":[{"embeddable":true,"href":"https:\/\/kolping-rueschendorf.de\/index.php?rest_route=%2Fwp%2Fv2%2Fcomments&post=300"}],"version-history":[{"count":2,"href":"https:\/\/kolping-rueschendorf.de\/index.php?rest_route=\/wp\/v2\/posts\/300\/revisions"}],"predecessor-version":[{"id":306,"href":"https:\/\/kolping-rueschendorf.de\/index.php?rest_route=\/wp\/v2\/posts\/300\/revisions\/306"}],"wp:attachment":[{"href":"https:\/\/kolping-rueschendorf.de\/index.php?rest_route=%2Fwp%2Fv2%2Fmedia&parent=300"}],"wp:term":[{"taxonomy":"category","embeddable":true,"href":"https:\/\/kolping-rueschendorf.de\/index.php?rest_route=%2Fwp%2Fv2%2Fcategories&post=300"},{"taxonomy":"post_tag","embeddable":true,"href":"https:\/\/kolping-rueschendorf.de\/index.php?rest_route=%2Fwp%2Fv2%2Ftags&post=300"}],"curies":[{"name":"wp","href":"https:\/\/api.w.org\/{rel}","templated":true}]}}